{"id":1951,"date":"2021-02-09T16:38:10","date_gmt":"2021-02-09T15:38:10","guid":{"rendered":"https:\/\/seam.hfm-weimar.de\/?p=1951"},"modified":"2022-07-06T07:40:24","modified_gmt":"2022-07-06T06:40:24","slug":"seam-konzert-zum-ende-des-wintersemesters-20-21","status":"publish","type":"post","link":"https:\/\/seam.hfm-weimar.de\/?p=1951","title":{"rendered":"SemesterAbschluss-Konzert WiSe 20\/21"},"content":{"rendered":"\n<div class=\"wp-block-media-text alignwide is-stacked-on-mobile\"><figure class=\"wp-block-media-text__media\"><img decoding=\"async\" loading=\"lazy\" width=\"1024\" height=\"728\" src=\"https:\/\/seam.hfm-weimar.de\/wp-content\/uploads\/2021\/02\/SeaM_Poster_2021-1024x728.png\" alt=\"\" class=\"wp-image-1952 size-full\" srcset=\"https:\/\/seam.hfm-weimar.de\/wp-content\/uploads\/2021\/02\/SeaM_Poster_2021-1024x728.png 1024w, https:\/\/seam.hfm-weimar.de\/wp-content\/uploads\/2021\/02\/SeaM_Poster_2021-300x213.png 300w, https:\/\/seam.hfm-weimar.de\/wp-content\/uploads\/2021\/02\/SeaM_Poster_2021-768x546.png 768w, https:\/\/seam.hfm-weimar.de\/wp-content\/uploads\/2021\/02\/SeaM_Poster_2021-1536x1092.png 1536w, https:\/\/seam.hfm-weimar.de\/wp-content\/uploads\/2021\/02\/SeaM_Poster_2021.png 1754w\" sizes=\"(max-width: 1024px) 100vw, 1024px\" \/><\/figure><div class=\"wp-block-media-text__content\">\n<p>Auch in diesem Halbjahr hat uns die aktuelle Situation wieder ein Online-Semester beschert. So m\u00fcssen wir auch dieses Mal wieder auf unser traditionsreiches Konzert im SeaM verzichten. Wie im letzten Sommer haben wir jedoch nicht vor, auf die Pr\u00e4sentation der entastandenen Arbeiten zu verzichten und haben uns f\u00fcr dieses Semester f\u00fcr ein Online-Konzert entschieden. Dieses findet am 10. Februar, 19:30 in digitaler Form statt. Nach unserem Konzert findet ihr Kompositionen, Performances und Vorstellungen von installativen Arbeiten auf dem eigens daf\u00fcr entstandenen Blog <a rel=\"noreferrer noopener\" href=\"https:\/\/seam2021.wordpress.com\/\" target=\"_blank\">https:\/\/seam2021.wordpress.com\/<\/a>.<\/p>\n\n\n\n<p>Zu h\u00f6ren sind Werke von<em> Sandra Anhalt, David Bilek, Pedro Rodolpho Ramos Camargo, Alexandra Sophia Daut, Pierre Eghdami, Jascha Hagen, Paul Hauptmeier &amp; Martin Recker, Paulina Kiss, Coretta Klaue, Heinrich Lenz, Jad Murat, Erkan Rojahn, Sam Ryu, Jo\u00ebl Sch\u00e4fer, Doreen Smolensky <\/em>und <em>Onur \u00dcnal<\/em>.<br><\/p>\n\n\n\n<p>Herzliche Gr\u00fc\u00dfe,<\/p>\n\n\n\n<p><strong>Euer SeaM-Team<\/strong><\/p>\n<\/div><\/div>\n","protected":false},"excerpt":{"rendered":"<p>Auch in diesem Halbjahr hat uns die aktuelle Situation wieder ein Online-Semester beschert. So m\u00fcssen wir auch dieses Mal wieder auf unser traditionsreiches Konzert im SeaM<span class=\"excerpt-hellip\"> [\u2026]<\/span><\/p>\n","protected":false},"author":1,"featured_media":0,"comment_status":"closed","ping_status":"closed","sticky":false,"template":"","format":"standard","meta":{"content-type":"","_ti_tpc_template_sync":false,"_ti_tpc_template_id":""},"categories":[1],"tags":[],"jetpack_featured_media_url":"","_links":{"self":[{"href":"https:\/\/seam.hfm-weimar.de\/index.php?rest_route=\/wp\/v2\/posts\/1951"}],"collection":[{"href":"https:\/\/seam.hfm-weimar.de\/index.php?rest_route=\/wp\/v2\/posts"}],"about":[{"href":"https:\/\/seam.hfm-weimar.de\/index.php?rest_route=\/wp\/v2\/types\/post"}],"author":[{"embeddable":true,"href":"https:\/\/seam.hfm-weimar.de\/index.php?rest_route=\/wp\/v2\/users\/1"}],"replies":[{"embeddable":true,"href":"https:\/\/seam.hfm-weimar.de\/index.php?rest_route=%2Fwp%2Fv2%2Fcomments&post=1951"}],"version-history":[{"count":14,"href":"https:\/\/seam.hfm-weimar.de\/index.php?rest_route=\/wp\/v2\/posts\/1951\/revisions"}],"predecessor-version":[{"id":3047,"href":"https:\/\/seam.hfm-weimar.de\/index.php?rest_route=\/wp\/v2\/posts\/1951\/revisions\/3047"}],"wp:attachment":[{"href":"https:\/\/seam.hfm-weimar.de\/index.php?rest_route=%2Fwp%2Fv2%2Fmedia&parent=1951"}],"wp:term":[{"taxonomy":"category","embeddable":true,"href":"https:\/\/seam.hfm-weimar.de\/index.php?rest_route=%2Fwp%2Fv2%2Fcategories&post=1951"},{"taxonomy":"post_tag","embeddable":true,"href":"https:\/\/seam.hfm-weimar.de\/index.php?rest_route=%2Fwp%2Fv2%2Ftags&post=1951"}],"curies":[{"name":"wp","href":"https:\/\/api.w.org\/{rel}","templated":true}]}}