{"id":1915,"date":"2020-05-05T11:51:47","date_gmt":"2020-05-05T10:51:47","guid":{"rendered":"https:\/\/seam.hfm-weimar.de\/?p=1915"},"modified":"2022-07-06T07:43:35","modified_gmt":"2022-07-06T06:43:35","slug":"sommersemester-2020","status":"publish","type":"post","link":"https:\/\/seam.hfm-weimar.de\/?p=1915","title":{"rendered":"SommerSemester 2020 Info"},"content":{"rendered":"\n<p>Liebe SeaM\u2019ler!<\/p>\n\n\n\n<p><em>see English version below\u2026<\/em><br><br>Hiermit wollen wir euch eine kleine Zusammenfassung dessen geben, was euch und uns dieses Semester erwartet und wie ihr euch in unsere Kurse und Projekte anmelden k\u00f6nnt.<br>Leider ist die heute startende <a href=\"https:\/\/moodle.uni-weimar.de\/mod\/glossary\/showentry.php?courseid=21402&amp;eid=4731&amp;displayformat=dictionary\">Projektb\u00f6rse<\/a> gespickt mit fehlerhaften Zeiten und Terminen!<\/p>\n\n\n\n<div class=\"wp-block-file\"><a id=\"wp-block-file--media-9261218d-cf52-4598-aa9a-99de28325ddf\" href=\"https:\/\/seam.hfm-weimar.de\/wp-content\/uploads\/2020\/05\/Kursangebote_SeaM_SoSe2020.pdf\">KURSANGEBOTE SEAM<\/a><\/div>\n\n\n\n<!--more-->\n\n\n\n<p><strong>KLANGWERKSTATT-PROJEKT<\/strong><\/p>\n\n\n\n<ol><li>Wir sind heute von <strong>15:15 bis 16:00 im sog. <\/strong><a href=\"https:\/\/moodle.uni-weimar.de\/mod\/bigbluebuttonbn\/view.php?id=133663&amp;forceview=1\"><strong>BBB Raum&nbsp;<\/strong><\/a><\/li><li>Es gibt <strong>keine Konsultationen und Einzeltermine am Mittwoch von 8:15 \u2013 15:00!<\/strong> Hier wurden unsere Kurszeiten (Montag und Mittwoch und auch noch fehlerhaft\u2026) allein auf den Mittwoch gelegt. Dabei fehlt schongar die Klangwerkstatt.&nbsp;<\/li><li>Wir bitten diejenigen von euch, die bereits ein Projekt bei uns gemacht haben, <strong>nicht<\/strong> in den BBB Raum zu kommen. Einerseits spart das Bandbreite, andererseits kennen wir uns bereits. Falls ihr wieder ein Projekt bei uns umsetzen wollt, schickt bitte <strong>eine Mail<\/strong> mit einer kurzen <strong>Beschreibung eures Vorhabens<\/strong> an uns (<a href=\"mailto:robin.minard@hfm-weimar.de,robert.rehnig@uni-weimar.de,tim.helbig@hfm-weimar.de?subject=KLANGWERKSTATT ANMELDUNG \/ REGISTRATION\">Robin \/ Robert \/ Tim<\/a>) als <strong>PDF-Datei<\/strong>.<\/li><li>Wenn ihr Studierende kennt, die zum ersten Mal in der Klangwerkstatt ein Projekt realisieren wollen, k\u00f6nnt ihr ihnen gerne ausrichten, dass sie uns ebenfalls eine PDF mit einer (kurzen) <strong>Projektbeschreibung<\/strong> (Konzept \/ Idee \/ Projekt) und ein <strong>paar Zeilen \u00fcber sich <\/strong>schicken sollen.<\/li><li>Wir \u00fcberlegen dann, welche Projektanw\u00e4rter ggfs. noch einmal auf ein kurzes \u201eInterview\u201c mit uns eingeladen werden.<\/li><li>Ihr solltet euch im <strong>Bison Portal<\/strong> f\u00fcr unsere Kurse und die Klangwerkstatt anmelden. Das ist bis Donnerstag, 07.05. 23:59 Uhr m\u00f6glich. Final werden wir aber zus\u00e4tzlich im Laufe der ersten Zeit noch eine Liste an das Sekretariat mit der definitiven Teilnehmer schicken (das betrifft auch die anderen von uns angebotenen Kurse -&gt; SIEHE ANHANG! bzw. <a href=\"https:\/\/moodle.uni-weimar.de\/pluginfile.php\/231744\/mod_glossary\/attachment\/4731\/SS20KG_MKG_EKK_5SPDF.pdf\">Link<\/a> &#8211; SEAM + <a href=\"https:\/\/moodle.uni-weimar.de\/pluginfile.php\/231744\/mod_glossary\/attachment\/4731\/PBFORM_SS2020KG_MKG_EKK_Klangwerkstatt.pdf\">Link<\/a> &#8211; Klangwerkstatt.)<\/li><li>Die Klangwerkstatt wird vorerst <strong>digital \/ online voraussichtlich \u00fcber BBB<\/strong> ablaufen. Einzelkonsultationen k\u00f6nnen sowohl telefonisch als auch (nach beiderseitigem Einverst\u00e4ndnis) mit anderen Plattformen wie Skype durchgef\u00fchrt werden.<\/li><\/ol>\n\n\n\n<p><strong>\u00dcBRIGE KURSE<\/strong><\/p>\n\n\n\n<p>In der Liste unten findet ihr noch einmal unser regul\u00e4res Kursangebot f\u00fcr das SoSe2020. Auch f\u00fcr die Anmeldung dieser Kurse gilt: Meldet euch vorab bitte im Bison f\u00fcr die Kurse an, wir werden aber auch hier wieder eine finale TeilnehmerListe im Laufe der ersten Online.Sitzungen an das Sekretariat verschicken.&nbsp;<\/p>\n\n\n\n<p>Gerne k\u00f6nnt ihr euch auch hier f\u00fcr unsere Kurse via Mail an uns direkt anmelden. Wir f\u00fchren dann eine eigene Teilnehmerliste. Anhand der Mails die uns erreichen, k\u00f6nnen wir im Anschluss Einladungen in unsere Kurs-BBB-R\u00e4ume versenden.<\/p>\n\n\n\n<p>Diese sind nach unserer derzeitigen Kenntnis sowohl f\u00fcr BU- als auch f\u00fcr HfM-Studierende zug\u00e4nglich.<\/p>\n\n\n\n<p><strong>[DBO]<\/strong><\/p>\n\n\n\n<p>Der aktuellen Situation entsprechend, <strong>wird es leider nicht m\u00f6glich sein<\/strong>, in diesem Semester mit dem DBO zu arbeiten. Wir m\u00fcssen hierzu noch abwarten, inwiefern und vor allem ab wann eine gr\u00f6\u00dfere Gruppe von Studierenden an einem Ort zusammen kommen d\u00fcrfen. Ferner sind in der Hochschule (anzunehmen ist, dass es sich an der BU \u00e4hnlich verh\u00e4lt) Konzerte untersagt. Gepr\u00fcft wird hier, ob und wenn ab wann kleine Kammerkonzerte m\u00f6glich sind.<\/p>\n\n\n\n<p>Denkbar w\u00e4re aber, weiter konzeptuell zu Arbeiten und eigene Instrumente und Kompositionen vorzubereiten, um ein gro\u00dfes DBO-Comback im WiSe2020-21 zu feiern \ud83d\ude09<\/p>\n\n\n\n<p>Wer Interesse daran hat, meldet sich bitte bei <a href=\"mailto:Denis%20Polec%20%3Cdenis.andreas.polec@uni-weimar.de%3E,tim.helbig@hfm-weimar.de?subject=%5BDBO%5D%20Fragen%20\/%20Anmeldung%20\/\/%20Questions%20\/%20Registration\">Denis Polec und Tim Helbig<\/a>.<\/p>\n\n\n\n<p><strong>SEAM \/ DBO KONZERTE&nbsp;<\/strong><\/p>\n\n\n\n<p>Das hat aber zur Folge, dass es dieses Semester voraussichtlich kein gro\u00dfes SeaM-Abschluss-Konzert geben kann. Wir behalten aktuelle Entwicklungen und Entscheidungen im Blick und informieren euch, sobald diesbez\u00fcglich \u00c4nderungen bekannt wurden.<\/p>\n\n\n\n<p>Das im letzten Semester angek\u00fcndigte <strong><em>Mid-Semester Konzert<\/em><\/strong> muss leider ebenfalls ausfallen. Wir m\u00fcssen also leider diejenigen auf zuk\u00fcnftige M\u00f6glichkeiten vertr\u00f6sten und motivieren, die wir schon im letzen Semester auf das f\u00fcr den 15.05.2020 vorgesehene Konzert vertr\u00f6sten mussten\u2026\u2026 <em>Sorry!<\/em><\/p>\n\n\n\n<p><strong>SEAM-R\u00c4UME<\/strong><\/p>\n\n\n\n<p>Bis auf Weiteres <strong>kann nicht in den SeaM-R\u00e4umen in der HfM und der BU gearbeitet werden<\/strong>. F\u00fcr die Studios der HfM werden Sondergenehmigungen erteilt, aber diese sind \u00e4u\u00dferst eingeschr\u00e4nkt!<\/p>\n\n\n\n<p>Die Situation mit den Q3-11 ist nicht vollst\u00e4ndig gekl\u00e4rt. Zur Zeit sind die R\u00e4ume leider noch verschlossen. Auch hier werden wir euch \u2013 sobald klare Entscheidungen gef\u00e4llt wurden \u2013 schnellstm\u00f6glich informieren.<\/p>\n\n\n\n<p>Vielen Dank f\u00fcr euer Verst\u00e4ndnis und bis demn\u00e4chst \u2013 vorerst f\u00fcr die meisten von uns \/ euch im digitalen Raum! =)<\/p>\n\n\n\n<p>Alles Gute.<\/p>\n\n\n\n<p>Euer SeaM-Team<\/p>\n\n\n\n<p><em>Robin \/ Robert \/ Tim \/ Eleftherios \/ Denis \/ Philipp \/ Jascha<\/em><\/p>\n\n\n\n<p><em>########################################<\/em><\/p>\n\n\n\n<p>Dear SeaM&#8217;ler!<\/p>\n\n\n\n<p>Herewith we\u2019d like to give you a short summary of what awaits us this semester and how you can register for our courses and projects.<\/p>\n\n\n\n<p>Unfortunately the digital BU <a href=\"https:\/\/moodle.uni-weimar.de\/mod\/glossary\/showentry.php?courseid=21402&amp;eid=4731&amp;displayformat=dictionary\"><strong>project exchange<\/strong><\/a> which started today is full of incorrect times and dates!<\/p>\n\n\n\n<p><strong>KLANGWERKSTATT PROJECT<\/strong><\/p>\n\n\n\n<ol><li>Today, we will be present <strong>from 15:15 to 16:00 in the so-called <\/strong><a href=\"https:\/\/moodle.uni-weimar.de\/mod\/bigbluebuttonbn\/view.php?id=133663&amp;forceview=1\"><strong>BBB<\/strong> room<\/a>&nbsp;<\/li><li>There are <strong>no consultations and individual appointments on Wednesday from 8:15 &#8211; 15:00<\/strong>! Here our course times for Monday and Wednesday are also incorrect&#8230;) Everything was lumped together on Wednesday AND the Audio Workshop (Klangwerkstatt) is missing altogether.&nbsp;<\/li><li>We ask those of you who have already done a project with us <strong>not to come to the BBB room. <\/strong>On the one hand this saves bandwidth, on the other hand we already know each other. If you want to do another project with us, please send us an email with a short description of your project (cc: <em><a href=\"mailto:robin.minard@hfm-weimar.de,robert.rehnig@uni-weimar.de,tim.helbig@hfm-weimar.de?subject=KLANGWERKSTATT ANMELDUNG \/ REGISTRATION\">Robin \/ Robert \/ Tim<\/a><\/em>) as a<strong> PDF file<\/strong>.<\/li><li>If you know students who want to realize a project for the first time in the Klangwerkstatt, you can tell them that they should also send us a <strong>PDF<\/strong> with a (short) <strong>project description<\/strong> (concept \/ idea \/ project) and <strong>a few lines about themselves<\/strong>.<\/li><li>We will then consider which project candidates might be invited for a short &#8222;<strong>interview<\/strong>&#8220; with us again.<\/li><li>BU students should <strong>register in the Bison Portal<\/strong> for our courses and the audio workshop. This is possible until<strong> Thursday, 07.05. 23:59<\/strong>. At the end of the first period we will send a list of the final participants to the secretary&#8217;s office (this also applies to the other courses we offer -&gt; SEE ANNEX! or <a href=\"https:\/\/moodle.uni-weimar.de\/pluginfile.php\/231744\/mod_glossary\/attachment\/4731\/SS20KG_MKG_EKK_5SPDF.pdf\">Link<\/a> &#8211; SEAM + <a href=\"https:\/\/moodle.uni-weimar.de\/pluginfile.php\/231744\/mod_glossary\/attachment\/4731\/PBFORM_SS2020KG_MKG_EKK_Klangwerkstatt.pdf\">Link<\/a> &#8211; Klangwerkstatt).<\/li><li><strong>Klangwerkstatt<\/strong> will be digital \/ online probably via BBB. Individual consultations can be done by phone as well as (after mutual agreement) with other platforms like Skype.<\/li><\/ol>\n\n\n\n<p><strong>OTHER COURSES<\/strong><\/p>\n\n\n\n<p>In the list below you will find our regular course offer for the SoSe2020 again. Please register for these courses in advance at Bison. We will also send a final list of participants to the secretary&#8217;s office during the first online sessions.&nbsp;<\/p>\n\n\n\n<p>You are also welcome to register for our courses directly via mail. We will then keep our own list of participants. Based on the mails that reach us, we can send invitations to our course BBB rooms.<\/p>\n\n\n\n<p>According to our current knowledge, these are accessible to both BU and HfM students.<\/p>\n\n\n\n<p><strong>[DBO]<\/strong><\/p>\n\n\n\n<p>According to the current situation, it will unfortunately <strong>not be possible to work with the DBO<\/strong> this semester. We still have to wait and see to what extent and especially when a larger group of students will be allowed to come together in one place. Furthermore, concerts are forbidden in the university (it can be assumed that this its also the case at the BU). We will check if and when small chamber concerts are possible.<\/p>\n\n\n\n<p>It is however conceivable that you continue working conceptually as well as prepare your own instruments and compositions in order to celebrate a <em>DBO-Comback<\/em> in WiSe2020\/2021 \ud83d\ude09<\/p>\n\n\n\n<p>If you are interested, please contact <a href=\"mailto:Denis%20Polec%20%3Cdenis.andreas.polec@uni-weimar.de%3E,tim.helbig@hfm-weimar.de?subject=%5BDBO%5D%20Fragen%20\/%20Anmeldung%20\/\/%20Questions%20\/%20Registration\">Denis Polec and Tim Helbig<\/a>.<\/p>\n\n\n\n<p><strong>SEAM \/ DBO CONCERTS&nbsp;<\/strong><\/p>\n\n\n\n<p>However, this means that there will probably not be a big SeaM end-of-semester concert this semester. We\u2019ll keep an eye on developments and decisions and will inform you as soon as changes are announced.<\/p>\n\n\n\n<p>The mid-semester concert announced last semester also has to be cancelled. So unfortunately we have to postpone and motivate those of you who we already had to postpone last semester for the concert we scheduled for 15.05.2020&#8230;&#8230;.. Sorry!<\/p>\n\n\n\n<p><strong>SEAM STUDIOS<\/strong><\/p>\n\n\n\n<p>Until further notice, <strong>it is not possible to work in the SeaM rooms in the HfM and BU<\/strong>. Special permissions are being issued for the HfM studios but these are extremely restricted! The situation with the Q3-11 is not fully clarified. For now the rooms are unfortunately still locked. We will inform you as soon as possible &#8211; as soon as clear decisions have been made.<\/p>\n\n\n\n<p>Thank you for your understanding and see you soon &#8211; for the time being for most of us \/ you in the digital room! :#<\/p>\n\n\n\n<p>All the best to you!<\/p>\n\n\n\n<p>Your SeaM Team<\/p>\n\n\n\n<p><em>Robin \/ Robert \/ Tim \/ Eleftherios \/ Denis \/ Philipp \/ Jascha<\/em><\/p>\n\n\n\n<div class=\"wp-block-file\"><a id=\"wp-block-file--media-158e856d-2a26-425f-b44a-656a20dda015\" href=\"https:\/\/seam.hfm-weimar.de\/wp-content\/uploads\/2020\/05\/SS20KG_MKG_EKK_5SPDF.pdf\">SeaM-Pr\u00e4sentation als PDF<\/a><\/div>\n\n\n\n<div class=\"wp-block-file\"><a id=\"wp-block-file--media-4886d66a-d809-4b8b-a77e-1c61935bca41\" href=\"https:\/\/seam.hfm-weimar.de\/wp-content\/uploads\/2020\/05\/PBFORM_SS2020KG_MKG_EKK_Klangwerkstatt.pdf\">KLANGWERKSTATT INFORMATIONEN als PDF<\/a><\/div>\n","protected":false},"excerpt":{"rendered":"<p>Liebe SeaM\u2019ler! see English version below\u2026 Hiermit wollen wir euch eine kleine Zusammenfassung dessen geben, was euch und uns dieses Semester erwartet und wie ihr euch<span class=\"excerpt-hellip\"> [\u2026]<\/span><\/p>\n","protected":false},"author":1,"featured_media":0,"comment_status":"closed","ping_status":"closed","sticky":false,"template":"","format":"standard","meta":{"content-type":"","_ti_tpc_template_sync":false,"_ti_tpc_template_id":""},"categories":[1],"tags":[],"jetpack_featured_media_url":"","_links":{"self":[{"href":"https:\/\/seam.hfm-weimar.de\/index.php?rest_route=\/wp\/v2\/posts\/1915"}],"collection":[{"href":"https:\/\/seam.hfm-weimar.de\/index.php?rest_route=\/wp\/v2\/posts"}],"about":[{"href":"https:\/\/seam.hfm-weimar.de\/index.php?rest_route=\/wp\/v2\/types\/post"}],"author":[{"embeddable":true,"href":"https:\/\/seam.hfm-weimar.de\/index.php?rest_route=\/wp\/v2\/users\/1"}],"replies":[{"embeddable":true,"href":"https:\/\/seam.hfm-weimar.de\/index.php?rest_route=%2Fwp%2Fv2%2Fcomments&post=1915"}],"version-history":[{"count":17,"href":"https:\/\/seam.hfm-weimar.de\/index.php?rest_route=\/wp\/v2\/posts\/1915\/revisions"}],"predecessor-version":[{"id":3055,"href":"https:\/\/seam.hfm-weimar.de\/index.php?rest_route=\/wp\/v2\/posts\/1915\/revisions\/3055"}],"wp:attachment":[{"href":"https:\/\/seam.hfm-weimar.de\/index.php?rest_route=%2Fwp%2Fv2%2Fmedia&parent=1915"}],"wp:term":[{"taxonomy":"category","embeddable":true,"href":"https:\/\/seam.hfm-weimar.de\/index.php?rest_route=%2Fwp%2Fv2%2Fcategories&post=1915"},{"taxonomy":"post_tag","embeddable":true,"href":"https:\/\/seam.hfm-weimar.de\/index.php?rest_route=%2Fwp%2Fv2%2Ftags&post=1915"}],"curies":[{"name":"wp","href":"https:\/\/api.w.org\/{rel}","templated":true}]}}