{"id":1272,"date":"2015-12-03T00:00:57","date_gmt":"2015-12-02T23:00:57","guid":{"rendered":"http:\/\/seam.hfm-weimar.de\/wordpress\/?p=1272"},"modified":"2018-05-28T14:29:15","modified_gmt":"2018-05-28T13:29:15","slug":"radiogespraeche-olaf-korte-surround-im-digitalradio-10-12-2015-19-h-q3-11","status":"publish","type":"post","link":"https:\/\/seam.hfm-weimar.de\/?p=1272","title":{"rendered":"RadioGespr\u00e4che \/\/ OLAF KORTE \/\/ Surround im Digitalradio \/\/ 10.12.2015 \/\/ 19 h \/\/ Q3-11"},"content":{"rendered":"<h1>Surround im Digitalradio<\/h1>\n<p>&nbsp;<\/p>\n<p>Zum ersten Radiogespr\u00e4ch im Wintersemester kommt Olaf Korte vom Fraunhofer Institut f\u00fcr Integrierte Schaltungen IIS zu Besuch. Seit 1999 leitet er die Gruppe Broadcast Applications und besch\u00e4ftigt sich dabei insbesondere mit dem Digitalradio, MPEG-4 basierten Rundfunkprojekten, sowie Rundfunk-Anwendungen f\u00fcr den mobilen Einsatz. Im Radiogespr\u00e4ch am 10. Dezember 2015 spricht er \u00fcber Surround im Digitalradio.<\/p>\n<p>Die ARD will sich noch nicht festlegen, aber eine Abschaltung von UKW w\u00e4re bereits 2025 m\u00f6glich. Was hei\u00dft das f\u00fcr die Radiokunst und welche Vor- und Nachteile bringt die Umstellung auf das Digitalradio mit sich? K\u00f6nnte es damit vielleicht neue \u00dcbertragungswege f\u00fcr Mehrkanalproduktionen wie Surround geben? Kann sich Surround vielleicht doch noch durchsetzen, oder scheitert es auch hier wieder an der aufwendigen Installation der Lautsprecher und den r\u00e4umlichen Gegebenheiten im Wohnzimmer des H\u00f6rers? Neue Chancen und M\u00f6glichkeiten g\u00e4be es jedenfalls, wie zum Beispiel den Empfang von Surround im Auto oder einer binauralen Kopfh\u00f6rermischung. In wie weit man hier auf produktionstechnische Umst\u00e4nde R\u00fccksicht nehmen muss und welche zus\u00e4tzlichen M\u00f6glichkeiten die digitale Radiowelt bietet wird Olaf Korte in seinem Radiogespr\u00e4ch aufzeigen. Er wird auch einen \u00dcberblick dar\u00fcber geben welche Programme bereits in Nullen und Einsen senden und wir werden gemeinsam mit ihm \u00fcber die Zukunftsperspektiven diskutieren.<\/p>\n<p>Das Radiogespr\u00e4ch findet am 10.12.2015 in der Coudraystra\u00dfe 13 A um 19 Uhr statt.<\/p>\n<p>&nbsp;<\/p>\n<p><em>Radiogespr\u00e4che<\/em> ist eine Reihe des <a href=\"https:\/\/www.uni-weimar.de\/de\/medien\/professuren\/experimentelles-radio\/\" target=\"_blank\" rel=\"noopener\">Experimentellen Radios<\/a> (Bauhaus Universit\u00e4t Weimar)<\/p>\n<p><a href=\"http:\/\/seam.hfm-weimar.de\/wordpress\/wp-content\/uploads\/2015\/12\/Radiogespraech10_Korte_szim.pdf\"><img decoding=\"async\" loading=\"lazy\" class=\"aligncenter wp-image-1274 size-large\" src=\"https:\/\/seam.hfm-weimar.de\/wp-content\/uploads\/2015\/12\/Radiogespraech10_Korte_szim-724x1024.jpg\" alt=\"\" width=\"724\" height=\"1024\" srcset=\"https:\/\/seam.hfm-weimar.de\/wp-content\/uploads\/2015\/12\/Radiogespraech10_Korte_szim-724x1024.jpg 724w, https:\/\/seam.hfm-weimar.de\/wp-content\/uploads\/2015\/12\/Radiogespraech10_Korte_szim-212x300.jpg 212w, https:\/\/seam.hfm-weimar.de\/wp-content\/uploads\/2015\/12\/Radiogespraech10_Korte_szim.jpg 1240w\" sizes=\"(max-width: 724px) 100vw, 724px\" \/>Radiogespraech10_Korte_szim<\/a><\/p>\n","protected":false},"excerpt":{"rendered":"<p>Surround im Digitalradio &nbsp; Zum ersten Radiogespr\u00e4ch im Wintersemester kommt Olaf Korte vom Fraunhofer Institut f\u00fcr Integrierte Schaltungen IIS zu Besuch. Seit 1999 leitet er die<span class=\"excerpt-hellip\"> [\u2026]<\/span><\/p>\n","protected":false},"author":1,"featured_media":0,"comment_status":"closed","ping_status":"closed","sticky":false,"template":"","format":"standard","meta":{"content-type":"","_ti_tpc_template_sync":false,"_ti_tpc_template_id":""},"categories":[1],"tags":[],"jetpack_featured_media_url":"","_links":{"self":[{"href":"https:\/\/seam.hfm-weimar.de\/index.php?rest_route=\/wp\/v2\/posts\/1272"}],"collection":[{"href":"https:\/\/seam.hfm-weimar.de\/index.php?rest_route=\/wp\/v2\/posts"}],"about":[{"href":"https:\/\/seam.hfm-weimar.de\/index.php?rest_route=\/wp\/v2\/types\/post"}],"author":[{"embeddable":true,"href":"https:\/\/seam.hfm-weimar.de\/index.php?rest_route=\/wp\/v2\/users\/1"}],"replies":[{"embeddable":true,"href":"https:\/\/seam.hfm-weimar.de\/index.php?rest_route=%2Fwp%2Fv2%2Fcomments&post=1272"}],"version-history":[{"count":6,"href":"https:\/\/seam.hfm-weimar.de\/index.php?rest_route=\/wp\/v2\/posts\/1272\/revisions"}],"predecessor-version":[{"id":1700,"href":"https:\/\/seam.hfm-weimar.de\/index.php?rest_route=\/wp\/v2\/posts\/1272\/revisions\/1700"}],"wp:attachment":[{"href":"https:\/\/seam.hfm-weimar.de\/index.php?rest_route=%2Fwp%2Fv2%2Fmedia&parent=1272"}],"wp:term":[{"taxonomy":"category","embeddable":true,"href":"https:\/\/seam.hfm-weimar.de\/index.php?rest_route=%2Fwp%2Fv2%2Fcategories&post=1272"},{"taxonomy":"post_tag","embeddable":true,"href":"https:\/\/seam.hfm-weimar.de\/index.php?rest_route=%2Fwp%2Fv2%2Ftags&post=1272"}],"curies":[{"name":"wp","href":"https:\/\/api.w.org\/{rel}","templated":true}]}}